{"id":1311,"date":"2026-09-01T18:41:17","date_gmt":"2026-09-01T15:41:17","guid":{"rendered":"https:\/\/incikentsitesi.com\/?p=1311"},"modified":"2026-09-01T18:41:17","modified_gmt":"2026-09-01T15:41:17","slug":"meltem-agsaranin-anisina","status":"publish","type":"post","link":"https:\/\/incikentsitesi.com\/index.php\/2026\/09\/01\/meltem-agsaranin-anisina\/","title":{"rendered":"Meltem A\u011fsaran\u2019\u0131n An\u0131s\u0131na"},"content":{"rendered":"\n<p class=\"wp-block-paragraph\">Sitemiz kom\u015fular\u0131ndan <strong>Meltem A\u011fsaran\u2019\u0131<\/strong> zamans\u0131z kaybetmenin derin \u00fcz\u00fcnt\u00fcs\u00fcn\u00fc ya\u015f\u0131yoruz.<\/p>\n\n\n\n<p class=\"wp-block-paragraph\">Kendisi, g\u00fcler y\u00fcz\u00fc, g\u00fczel sohbeti ve \u00e7evresine katt\u0131\u011f\u0131 de\u011ferlerle onu tan\u0131yanlar\u0131n haf\u0131zas\u0131nda g\u00fczel bir iz b\u0131rakm\u0131\u015ft\u0131r. Aram\u0131zdan ayr\u0131l\u0131\u015f\u0131, ailesi, dostlar\u0131 ve kom\u015fular\u0131 i\u00e7in b\u00fcy\u00fck bir kay\u0131p olmu\u015ftur.<\/p>\n\n\n\n<p class=\"wp-block-paragraph\">Merhumeye Allah\u2019tan rahmet; ailesine, yak\u0131nlar\u0131na, sevenlerine ve t\u00fcm kom\u015fular\u0131m\u0131za sab\u0131r ve ba\u015fsa\u011fl\u0131\u011f\u0131 diliyoruz.<\/p>\n\n\n\n<p class=\"wp-block-paragraph\"><strong>An\u0131s\u0131 daima g\u00fczel duygularla ya\u015fat\u0131lacakt\u0131r.<\/strong><\/p>\n\n\n\n<p class=\"wp-block-paragraph\"><\/p>\n","protected":false},"excerpt":{"rendered":"<p>Sitemiz kom\u015fular\u0131ndan Meltem A\u011fsaran\u2019\u0131 zamans\u0131z kaybetmenin derin \u00fcz\u00fcnt\u00fcs\u00fcn\u00fc ya\u015f\u0131yoruz. Kendisi, g\u00fcler y\u00fcz\u00fc, g\u00fczel sohbeti ve \u00e7evresine katt\u0131\u011f\u0131 de\u011ferlerle onu tan\u0131yanlar\u0131n haf\u0131zas\u0131nda g\u00fczel bir iz b\u0131rakm\u0131\u015ft\u0131r. &hellip;<\/p>\n","protected":false},"author":1,"featured_media":1313,"comment_status":"closed","ping_status":"closed","sticky":false,"template":"","format":"standard","meta":{"footnotes":""},"categories":[7],"tags":[],"class_list":["post-1311","post","type-post","status-publish","format-standard","has-post-thumbnail","hentry","category-ilan-panosu"],"_links":{"self":[{"href":"https:\/\/incikentsitesi.com\/index.php\/wp-json\/wp\/v2\/posts\/1311","targetHints":{"allow":["GET"]}}],"collection":[{"href":"https:\/\/incikentsitesi.com\/index.php\/wp-json\/wp\/v2\/posts"}],"about":[{"href":"https:\/\/incikentsitesi.com\/index.php\/wp-json\/wp\/v2\/types\/post"}],"author":[{"embeddable":true,"href":"https:\/\/incikentsitesi.com\/index.php\/wp-json\/wp\/v2\/users\/1"}],"replies":[{"embeddable":true,"href":"https:\/\/incikentsitesi.com\/index.php\/wp-json\/wp\/v2\/comments?post=1311"}],"version-history":[{"count":2,"href":"https:\/\/incikentsitesi.com\/index.php\/wp-json\/wp\/v2\/posts\/1311\/revisions"}],"predecessor-version":[{"id":1314,"href":"https:\/\/incikentsitesi.com\/index.php\/wp-json\/wp\/v2\/posts\/1311\/revisions\/1314"}],"wp:featuredmedia":[{"embeddable":true,"href":"https:\/\/incikentsitesi.com\/index.php\/wp-json\/wp\/v2\/media\/1313"}],"wp:attachment":[{"href":"https:\/\/incikentsitesi.com\/index.php\/wp-json\/wp\/v2\/media?parent=1311"}],"wp:term":[{"taxonomy":"category","embeddable":true,"href":"https:\/\/incikentsitesi.com\/index.php\/wp-json\/wp\/v2\/categories?post=1311"},{"taxonomy":"post_tag","embeddable":true,"href":"https:\/\/incikentsitesi.com\/index.php\/wp-json\/wp\/v2\/tags?post=1311"}],"curies":[{"name":"wp","href":"https:\/\/api.w.org\/{rel}","templated":true}]}}