{"id":301,"date":"2022-10-24T20:48:51","date_gmt":"2022-10-24T17:48:51","guid":{"rendered":"https:\/\/incikentsitesi.com\/?p=301"},"modified":"2022-11-24T19:41:16","modified_gmt":"2022-11-24T16:41:16","slug":"ada-scooter-faciasinda-vefat-etti","status":"publish","type":"post","link":"https:\/\/incikentsitesi.com\/index.php\/2022\/10\/24\/ada-scooter-faciasinda-vefat-etti\/","title":{"rendered":"Ada, Scooter Facias\u0131nda Vefat Etti"},"content":{"rendered":"\n<p>Portakal \u00c7i\u00e7e\u011fi Bulvar\u0131 \u00fczerinde ya\u015fanan elim kazada sitemiz sakini <strong>Ada Kayahan<\/strong> hayat\u0131n\u0131 kaybetti.<br>Lise \u00f6\u011frencileri olan Ada ile arkada\u015f\u0131 <strong>Mahmut Ya\u011f\u0131z Balc\u0131<\/strong>, 22 Ekim g\u00fcn\u00fc scootera bindi. Balc\u0131&#8217;n\u0131n kulland\u0131\u011f\u0131 scootera, s\u00fcratli oldu\u011fu iddia edilen <strong>M.Can G<\/strong>.&#8217;nin idaresindeki <strong>07 BBS 63<\/strong> plakal\u0131 otomobil \u00e7arpt\u0131 ve gen\u00e7ler yere d\u00fc\u015ft\u00fc. \u0130hbarla olay yerine gelen sa\u011fl\u0131k ekipleri gen\u00e7leri hastaneye kald\u0131rd\u0131, ancak yap\u0131lan m\u00fcdahalelere ra\u011fmen Ada ve Ya\u011f\u0131z kurtar\u0131lamad\u0131.<br>Kayahan\u2019\u0131n cenazesi Manavgat il\u00e7esi Ahmetler Mahallesi&#8217;ne, Balc\u0131&#8217;n\u0131n cenazesi ise Kur\u015funlu Mezarl\u0131\u011f\u0131&#8217;na defnedildi.<br>Kazan\u0131n oldu\u011fu yerde, scooterdaki iki gence \u00e7arpan arac\u0131n yaya ge\u00e7idi sonras\u0131 ba\u015flayan fren izlerinin 20-30 metre sonra otob\u00fcs dura\u011f\u0131 \u00f6n\u00fcnde sona erdi\u011fi g\u00f6r\u00fcld\u00fc.<br>Merhum ki\u015filere Allah&#8217;tan rahmet, aileleri ile sevenlerine ba\u015fsa\u011fl\u0131\u011f\u0131 ve sab\u0131r diliyoruz.<\/p>\n\n\n\n<p><em>\u0130nci Kent Sitesi A-D Blok Y\u00f6netimi<\/em><\/p>\n\n\n\n<figure class=\"wp-block-image size-full\"><img loading=\"lazy\" decoding=\"async\" width=\"731\" height=\"410\" src=\"https:\/\/incikentsitesi.com\/wp-content\/uploads\/2022\/10\/ada.webp\" alt=\"\" class=\"wp-image-303\" srcset=\"https:\/\/incikentsitesi.com\/wp-content\/uploads\/2022\/10\/ada.webp 731w, https:\/\/incikentsitesi.com\/wp-content\/uploads\/2022\/10\/ada-300x168.webp 300w, https:\/\/incikentsitesi.com\/wp-content\/uploads\/2022\/10\/ada-359x201.webp 359w\" sizes=\"auto, (max-width: 731px) 100vw, 731px\" \/><\/figure>\n","protected":false},"excerpt":{"rendered":"<p>Portakal \u00c7i\u00e7e\u011fi Bulvar\u0131 \u00fczerinde ya\u015fanan elim kazada sitemiz sakini Ada Kayahan hayat\u0131n\u0131 kaybetti.Lise \u00f6\u011frencileri olan Ada ile arkada\u015f\u0131 Mahmut Ya\u011f\u0131z Balc\u0131, 22 Ekim g\u00fcn\u00fc scootera &hellip;<\/p>\n","protected":false},"author":1,"featured_media":304,"comment_status":"closed","ping_status":"closed","sticky":false,"template":"","format":"standard","meta":{"footnotes":""},"categories":[7],"tags":[],"class_list":["post-301","post","type-post","status-publish","format-standard","has-post-thumbnail","hentry","category-ilan-panosu"],"_links":{"self":[{"href":"https:\/\/incikentsitesi.com\/index.php\/wp-json\/wp\/v2\/posts\/301","targetHints":{"allow":["GET"]}}],"collection":[{"href":"https:\/\/incikentsitesi.com\/index.php\/wp-json\/wp\/v2\/posts"}],"about":[{"href":"https:\/\/incikentsitesi.com\/index.php\/wp-json\/wp\/v2\/types\/post"}],"author":[{"embeddable":true,"href":"https:\/\/incikentsitesi.com\/index.php\/wp-json\/wp\/v2\/users\/1"}],"replies":[{"embeddable":true,"href":"https:\/\/incikentsitesi.com\/index.php\/wp-json\/wp\/v2\/comments?post=301"}],"version-history":[{"count":4,"href":"https:\/\/incikentsitesi.com\/index.php\/wp-json\/wp\/v2\/posts\/301\/revisions"}],"predecessor-version":[{"id":307,"href":"https:\/\/incikentsitesi.com\/index.php\/wp-json\/wp\/v2\/posts\/301\/revisions\/307"}],"wp:featuredmedia":[{"embeddable":true,"href":"https:\/\/incikentsitesi.com\/index.php\/wp-json\/wp\/v2\/media\/304"}],"wp:attachment":[{"href":"https:\/\/incikentsitesi.com\/index.php\/wp-json\/wp\/v2\/media?parent=301"}],"wp:term":[{"taxonomy":"category","embeddable":true,"href":"https:\/\/incikentsitesi.com\/index.php\/wp-json\/wp\/v2\/categories?post=301"},{"taxonomy":"post_tag","embeddable":true,"href":"https:\/\/incikentsitesi.com\/index.php\/wp-json\/wp\/v2\/tags?post=301"}],"curies":[{"name":"wp","href":"https:\/\/api.w.org\/{rel}","templated":true}]}}