{"id":551,"date":"2024-01-11T22:28:55","date_gmt":"2024-01-11T19:28:55","guid":{"rendered":"https:\/\/incikentsitesi.com\/?p=551"},"modified":"2024-01-11T22:28:55","modified_gmt":"2024-01-11T19:28:55","slug":"2024-yili-asgari-ucret-artisinin-kisa-analizi","status":"publish","type":"post","link":"https:\/\/incikentsitesi.com\/index.php\/2024\/01\/11\/2024-yili-asgari-ucret-artisinin-kisa-analizi\/","title":{"rendered":"2024 Y\u0131l\u0131 Asgari \u00dccret Art\u0131\u015f\u0131n\u0131n K\u0131sa Analizi"},"content":{"rendered":"\n<p>2023 y\u0131l\u0131 sonu itibariyle \u00e7ekirdek enflasyon y\u0131ll\u0131k art\u0131\u015f oran\u0131 y\u00fczde 70,64 olarak ger\u00e7ekle\u015fmi\u015f olup Temel Mallar grubu y\u0131ll\u0131k fiyat art\u0131\u015f\u0131 y\u00fczde 52,81, Hizmet grubu y\u0131ll\u0131k fiyat art\u0131\u015f\u0131 ise y\u00fczde 90,66 olarak ger\u00e7ekle\u015fmi\u015ftir. <\/p>\n\n\n\n<p>Asgari \u00fccret dikkate al\u0131nd\u0131\u011f\u0131nda, 2023 y\u0131l\u0131nda asgari \u00fccrete Ocak ay\u0131nda y\u00fczde 55, Temmuz ay\u0131nda y\u00fczde 34 oran\u0131nda art\u0131\u015f yap\u0131lm\u0131\u015ft\u0131r. 2024 y\u0131l\u0131 sonu T\u00dcFE art\u0131\u015f\u0131n\u0131n y\u00fczde 64,77 oldu\u011fu dikkate al\u0131nd\u0131\u011f\u0131nda, 2023 y\u0131l\u0131nda asgari \u00fccrete enflasyonun olduk\u00e7a \u00fczerinde bir art\u0131\u015f ger\u00e7ekle\u015ftirilmi\u015ftir. Ge\u00e7en 1 y\u0131ll\u0131k s\u00fcre\u00e7te asgari \u00fccrette toplamda y\u00fczde 107\u2019lik bir art\u0131\u015f ger\u00e7ekle\u015fmi\u015ftir.<\/p>\n\n\n\n<p>2024 y\u0131l\u0131 asgari \u00fccreti ile ilgili olarak \u00c7al\u0131\u015fma ve Sosyal G\u00fcvenlik Bakanl\u0131\u011f\u0131 27 Aral\u0131k 2023 g\u00fcn\u00fc bir a\u00e7\u0131klama yapm\u0131\u015f ve 2024 y\u0131l\u0131 i\u00e7in yeni asgari \u00fccret rakam\u0131n\u0131n Asgari \u00dccret Tespit Komisyonu taraf\u0131ndan belirlendi\u011fini aktar\u0131p 2024 y\u0131l\u0131 asgari \u00fccret rakam\u0131n\u0131n \u00f6nceki d\u00f6neme g\u00f6re y\u00fczde 49 oran\u0131nda artt\u0131r\u0131larak 17 bin 2 TL oldu\u011fu bilgisini vermi\u015ftir. Bu a\u00e7\u0131klamaya g\u00f6re, asgari \u00fccretin belirlenmesi ile ilgili s\u00fcrecin payda\u015flar\u0131 aras\u0131nda \u00c7al\u0131\u015fma ve Sosyal G\u00fcvenlik Bakanl\u0131\u011f\u0131 \u00c7al\u0131\u015fma Genel M\u00fcd\u00fcrl\u00fc\u011f\u00fc, T\u00fcrkiye \u0130\u015f\u00e7i Sendikalar\u0131 Konfederasyonu (T\u00fcrk-\u0130\u015f) ve T\u00fcrkiye \u0130\u015fveren Sendikalar\u0131 Konfederasyonu (T\u0130SK) ile di\u011fer komisyon \u00fcyeleri yer alm\u0131\u015f ve b\u00f6ylece i\u015f\u00e7i ve i\u015fveren taraflar\u0131n bildirdi\u011fi g\u00f6r\u00fc\u015fler \u00e7er\u00e7evesinde asgari \u00fccretin alt s\u0131n\u0131r\u0131 belirlenmi\u015ftir.<\/p>\n\n\n\n<p>2024 y\u0131l\u0131nda uygulanacak asgari \u00fccret tutar\u0131na ili\u015fkin Asgari \u00dccret Tespit Komisyonunun 27.12.2023 tarih ve 2023\/2 say\u0131l\u0131 Karar\u0131, 30.12.2023 tarih ve 32415 say\u0131l\u0131 Resmi Gazetede yay\u0131mlanm\u0131\u015ft\u0131r. Bu karara g\u00f6re; 01.01.2024-31.12.2024 d\u00f6neminde uygulanacak g\u00fcnl\u00fck br\u00fct asgari \u00fccret tutar\u0131 666,75-TL, ayl\u0131k br\u00fct asgari \u00fccret tutar\u0131 20.002,50 TL\u2019d\u0131r. <\/p>\n\n\n\n<p>Asgari \u00dccret Tespit Komisyonu karar\u0131na a\u015fa\u011f\u0131daki linkten ula\u015fabilir.<br><a href=\"https:\/\/www.resmigazete.gov.tr\/eskiler\/2023\/12\/20231230-10.pdf\" target=\"_blank\" rel=\"noreferrer noopener\">https:\/\/www.resmigazete.gov.tr\/eskiler\/2023\/12\/20231230-10.pdf<\/a><\/p>\n","protected":false},"excerpt":{"rendered":"<p>2023 y\u0131l\u0131 sonu itibariyle \u00e7ekirdek enflasyon y\u0131ll\u0131k art\u0131\u015f oran\u0131 y\u00fczde 70,64 olarak ger\u00e7ekle\u015fmi\u015f olup Temel Mallar grubu y\u0131ll\u0131k fiyat art\u0131\u015f\u0131 y\u00fczde 52,81, Hizmet grubu y\u0131ll\u0131k &hellip;<\/p>\n","protected":false},"author":1,"featured_media":554,"comment_status":"closed","ping_status":"closed","sticky":false,"template":"","format":"standard","meta":{"footnotes":""},"categories":[7],"tags":[],"class_list":["post-551","post","type-post","status-publish","format-standard","has-post-thumbnail","hentry","category-ilan-panosu"],"_links":{"self":[{"href":"https:\/\/incikentsitesi.com\/index.php\/wp-json\/wp\/v2\/posts\/551","targetHints":{"allow":["GET"]}}],"collection":[{"href":"https:\/\/incikentsitesi.com\/index.php\/wp-json\/wp\/v2\/posts"}],"about":[{"href":"https:\/\/incikentsitesi.com\/index.php\/wp-json\/wp\/v2\/types\/post"}],"author":[{"embeddable":true,"href":"https:\/\/incikentsitesi.com\/index.php\/wp-json\/wp\/v2\/users\/1"}],"replies":[{"embeddable":true,"href":"https:\/\/incikentsitesi.com\/index.php\/wp-json\/wp\/v2\/comments?post=551"}],"version-history":[{"count":3,"href":"https:\/\/incikentsitesi.com\/index.php\/wp-json\/wp\/v2\/posts\/551\/revisions"}],"predecessor-version":[{"id":555,"href":"https:\/\/incikentsitesi.com\/index.php\/wp-json\/wp\/v2\/posts\/551\/revisions\/555"}],"wp:featuredmedia":[{"embeddable":true,"href":"https:\/\/incikentsitesi.com\/index.php\/wp-json\/wp\/v2\/media\/554"}],"wp:attachment":[{"href":"https:\/\/incikentsitesi.com\/index.php\/wp-json\/wp\/v2\/media?parent=551"}],"wp:term":[{"taxonomy":"category","embeddable":true,"href":"https:\/\/incikentsitesi.com\/index.php\/wp-json\/wp\/v2\/categories?post=551"},{"taxonomy":"post_tag","embeddable":true,"href":"https:\/\/incikentsitesi.com\/index.php\/wp-json\/wp\/v2\/tags?post=551"}],"curies":[{"name":"wp","href":"https:\/\/api.w.org\/{rel}","templated":true}]}}