{"id":601,"date":"2024-06-16T18:40:04","date_gmt":"2024-06-16T15:40:04","guid":{"rendered":"https:\/\/incikentsitesi.com\/?p=601"},"modified":"2024-06-16T18:40:04","modified_gmt":"2024-06-16T15:40:04","slug":"bulvar-ortasindaki-kanal-sorunu","status":"publish","type":"post","link":"https:\/\/incikentsitesi.com\/index.php\/2024\/06\/16\/bulvar-ortasindaki-kanal-sorunu\/","title":{"rendered":"Bulvar ortas\u0131ndaki kanal sorunu"},"content":{"rendered":"\n<p>Portakal \u00c7i\u00e7e\u011fi Bulvar\u0131 ortas\u0131ndan ge\u00e7mekte olan kanal i\u00e7inden su akt\u0131\u011f\u0131, kanal i\u00e7inde bitki boylar\u0131n\u0131n uzad\u0131\u011f\u0131, \u00e7amurla\u015fman\u0131n kokuya sebep oldu\u011fu ve sivrisinek \u00e7o\u011fald\u0131\u011f\u0131 tespitle, olay\u0131n halli i\u00e7in Antalya B\u00fcy\u00fck\u015fehir Belediyesine 26 May\u0131s 2024 g\u00fcn\u00fc bildirim yap\u0131lm\u0131\u015ft\u0131r.<\/p>\n\n\n\n<figure class=\"wp-block-image size-large\"><img loading=\"lazy\" decoding=\"async\" width=\"771\" height=\"1024\" src=\"https:\/\/incikentsitesi.com\/wp-content\/uploads\/2024\/06\/IMG_20240526_135752-771x1024.jpg\" alt=\"\" class=\"wp-image-604\" srcset=\"https:\/\/incikentsitesi.com\/wp-content\/uploads\/2024\/06\/IMG_20240526_135752-771x1024.jpg 771w, https:\/\/incikentsitesi.com\/wp-content\/uploads\/2024\/06\/IMG_20240526_135752-226x300.jpg 226w, https:\/\/incikentsitesi.com\/wp-content\/uploads\/2024\/06\/IMG_20240526_135752-768x1020.jpg 768w, https:\/\/incikentsitesi.com\/wp-content\/uploads\/2024\/06\/IMG_20240526_135752-1157x1536.jpg 1157w, https:\/\/incikentsitesi.com\/wp-content\/uploads\/2024\/06\/IMG_20240526_135752-1542x2048.jpg 1542w, https:\/\/incikentsitesi.com\/wp-content\/uploads\/2024\/06\/IMG_20240526_135752-scaled.jpg 1928w\" sizes=\"auto, (max-width: 771px) 100vw, 771px\" \/><\/figure>\n","protected":false},"excerpt":{"rendered":"<p>Portakal \u00c7i\u00e7e\u011fi Bulvar\u0131 ortas\u0131ndan ge\u00e7mekte olan kanal i\u00e7inden su akt\u0131\u011f\u0131, kanal i\u00e7inde bitki boylar\u0131n\u0131n uzad\u0131\u011f\u0131, \u00e7amurla\u015fman\u0131n kokuya sebep oldu\u011fu ve sivrisinek \u00e7o\u011fald\u0131\u011f\u0131 tespitle, olay\u0131n halli &hellip;<\/p>\n","protected":false},"author":1,"featured_media":603,"comment_status":"closed","ping_status":"closed","sticky":false,"template":"","format":"standard","meta":{"footnotes":""},"categories":[7],"tags":[],"class_list":["post-601","post","type-post","status-publish","format-standard","has-post-thumbnail","hentry","category-ilan-panosu"],"_links":{"self":[{"href":"https:\/\/incikentsitesi.com\/index.php\/wp-json\/wp\/v2\/posts\/601","targetHints":{"allow":["GET"]}}],"collection":[{"href":"https:\/\/incikentsitesi.com\/index.php\/wp-json\/wp\/v2\/posts"}],"about":[{"href":"https:\/\/incikentsitesi.com\/index.php\/wp-json\/wp\/v2\/types\/post"}],"author":[{"embeddable":true,"href":"https:\/\/incikentsitesi.com\/index.php\/wp-json\/wp\/v2\/users\/1"}],"replies":[{"embeddable":true,"href":"https:\/\/incikentsitesi.com\/index.php\/wp-json\/wp\/v2\/comments?post=601"}],"version-history":[{"count":3,"href":"https:\/\/incikentsitesi.com\/index.php\/wp-json\/wp\/v2\/posts\/601\/revisions"}],"predecessor-version":[{"id":606,"href":"https:\/\/incikentsitesi.com\/index.php\/wp-json\/wp\/v2\/posts\/601\/revisions\/606"}],"wp:featuredmedia":[{"embeddable":true,"href":"https:\/\/incikentsitesi.com\/index.php\/wp-json\/wp\/v2\/media\/603"}],"wp:attachment":[{"href":"https:\/\/incikentsitesi.com\/index.php\/wp-json\/wp\/v2\/media?parent=601"}],"wp:term":[{"taxonomy":"category","embeddable":true,"href":"https:\/\/incikentsitesi.com\/index.php\/wp-json\/wp\/v2\/categories?post=601"},{"taxonomy":"post_tag","embeddable":true,"href":"https:\/\/incikentsitesi.com\/index.php\/wp-json\/wp\/v2\/tags?post=601"}],"curies":[{"name":"wp","href":"https:\/\/api.w.org\/{rel}","templated":true}]}}